{"id":104,"date":"2023-04-08T16:53:41","date_gmt":"2023-04-08T16:53:41","guid":{"rendered":"https:\/\/serclus.info\/serclus\/?p=104"},"modified":"2023-04-24T14:38:32","modified_gmt":"2023-04-24T14:38:32","slug":"autenticidad-y-creatividad-en-los-mecanismos-detransmision-de-los-cuentos-populare","status":"publish","type":"post","link":"https:\/\/serclus.info\/serclus\/index.php\/2023\/04\/08\/autenticidad-y-creatividad-en-los-mecanismos-detransmision-de-los-cuentos-populare\/","title":{"rendered":"AUTENTICIDAD Y CREATIVIDAD EN LOS MECANISMOS DETRANSMISI\u00d3N DE LOS CUENTOS POPULARE"},"content":{"rendered":"\n<p><em>&#8220;Non \u00e8 stato il nonno, quello che ti ha afferrato, \u00e8 stato come rustico, non bruto, ti ha afferrato come un vecchio e ha iniziato a cantare canzoni in italiano e le conoscevi a memoria ed era il suo mimo&#8221;<\/em><\/p>\n\n\n\n<p><strong><sup>&nbsp;&nbsp;&nbsp;&nbsp;&nbsp;&nbsp;&nbsp;&nbsp;&nbsp;&nbsp;&nbsp;&nbsp;&nbsp;&nbsp;&nbsp;&nbsp;&nbsp;&nbsp;&nbsp;&nbsp;&nbsp;&nbsp;&nbsp;&nbsp;&nbsp;&nbsp;&nbsp;&nbsp;&nbsp;&nbsp;&nbsp;&nbsp;&nbsp;&nbsp;&nbsp;&nbsp;&nbsp;&nbsp;&nbsp;&nbsp;&nbsp;&nbsp;&nbsp;&nbsp;&nbsp;&nbsp;&nbsp;&nbsp;&nbsp;&nbsp;&nbsp;&nbsp;&nbsp;&nbsp;&nbsp;&nbsp;&nbsp;&nbsp;&nbsp;&nbsp;&nbsp;&nbsp;&nbsp;&nbsp;&nbsp;&nbsp;&nbsp;&nbsp;&nbsp;&nbsp;&nbsp;&nbsp;&nbsp;&nbsp;&nbsp;&nbsp;&nbsp;&nbsp; Abstract<\/sup><\/strong><\/p>\n\n\n\n<p><sup>The story chosen for the analysis of this article is a classic es\u00f3pico story where the dog and the rooster intervene, but it could be about the rooster and the mouse. He is originally from campania, from the small town of castelfranci (avellino province), my paternal grandmother told me about it and what i remember is the title and some fragments of it, then i and my mother rebuilt it, translated it into spanish and gave it to her. We counted my children.<\/sup><\/p>\n\n\n\n<p><sup>The title: comb\u00e1 vallo mi ha sciacato (compadre gallo has hurt me)<\/sup><\/p>\n\n\n\n<p><em>La storia scelta per l&#8217;analisi del&nbsp; articolo scelto&nbsp; \u00e8 un classico racconto di Esopo in cui il siano coinvolti il cane e gallo , ma potrebbe essere il gallo e il sorece. \u00c8 originario di Campania, del paese di Castelfranci (provincia di Avellino), mi \u00e8 stato raccontato da mia nonna paterna ,solamente&nbsp; mi ricordo il titolo e alcuni frammenti di esso, poi io e mia mamma lo abbiamo ricreato \u00e8 tradotto in castigliano e lo abbiamo raccontato a miei figli. &nbsp;<\/em><\/p>\n\n\n\n<p><em>Titolo: Comba VALLO MI&nbsp; HA SCIACATO (Compare Gallo mi ha fatto male,)<\/em><\/p>\n\n\n\n<p>Meccanismi di trasmissione<\/p>\n\n\n\n<p>\u201cNonostante il passare del tempo, gli italiani mantengono vive diverse tradizioni: balli, attraverso vari gruppi, pasti (principalmente pasta), riunioni di famiglia e la lingua, poich\u00e9 l&#8217;italiano \u00e8 una lingua dinamica. \u201cI dialetti si sono persi perch\u00e9 erano di tradizione orale. Oggi le giovani generazioni parlano italiano ma non hanno pi\u00f9 acquisito il dialetto veneziano o calabrese \u201dQuasi tutte le interviste o le opinioni sugli italiani e sui loro discendenti coincidono con il paragrafo trascritto Molte volte gli italiani traducevano le loro storie come meglio potevano, altre le recitavano in dialetto ei bambini avevano il ritmo, la filastrocca, oppure ridevano solo perch\u00e9 rideva il nonno. Molte volte le storie o le rime italiane sono state tradotte in spagnolo e trovate nei libri di scuola.<\/p>\n\n\n<a href=\"https:\/\/serclus.info\/serclus\/wp-content\/uploads\/2023\/04\/7-Soccorso-finito-correzione-e-abstract.pdf\" class=\"pdfemb-viewer\" style=\"\" data-width=\"max\" data-height=\"max\" data-toolbar=\"top\" data-toolbar-fixed=\"on\">7-Soccorso-finito-correzione-e-abstract<\/a>\n<p class=\"wp-block-pdfemb-pdf-embedder-viewer\"><\/p>\n","protected":false},"excerpt":{"rendered":"<p>&#8220;Non \u00e8 stato il nonno, quello che ti ha afferrato, \u00e8 stato come rustico, non bruto, ti ha afferrato come un vecchio e ha iniziato a cantare canzoni in italiano e le conoscevi a memoria ed era il suo mimo&#8221; &nbsp;&nbsp;&nbsp;&nbsp;&nbsp;&nbsp;&nbsp;&nbsp;&nbsp;&nbsp;&nbsp;&nbsp;&nbsp;&nbsp;&nbsp;&nbsp;&nbsp;&nbsp;&nbsp;&nbsp;&nbsp;&nbsp;&nbsp;&nbsp;&nbsp;&nbsp;&nbsp;&nbsp;&nbsp;&nbsp;&nbsp;&nbsp;&nbsp;&nbsp;&nbsp;&nbsp;&nbsp;&nbsp;&nbsp;&nbsp;&nbsp;&nbsp;&nbsp;&nbsp;&nbsp;&nbsp;&nbsp;&nbsp;&nbsp;&nbsp;&nbsp;&nbsp;&nbsp;&nbsp;&nbsp;&nbsp;&nbsp;&nbsp;&nbsp;&nbsp;&nbsp;&nbsp;&nbsp;&nbsp;&nbsp;&nbsp;&nbsp;&nbsp;&nbsp;&nbsp;&nbsp;&nbsp;&nbsp;&nbsp;&nbsp;&nbsp;&nbsp;&nbsp; Abstract The story chosen for the analysis of this article is a classic es\u00f3pico [&hellip;]<\/p>\n","protected":false},"author":13,"featured_media":58,"comment_status":"open","ping_status":"open","sticky":false,"template":"","format":"standard","meta":{"footnotes":""},"categories":[5],"tags":[],"class_list":["post-104","post","type-post","status-publish","format-standard","has-post-thumbnail","hentry","category-numero-2"],"_links":{"self":[{"href":"https:\/\/serclus.info\/serclus\/index.php\/wp-json\/wp\/v2\/posts\/104","targetHints":{"allow":["GET"]}}],"collection":[{"href":"https:\/\/serclus.info\/serclus\/index.php\/wp-json\/wp\/v2\/posts"}],"about":[{"href":"https:\/\/serclus.info\/serclus\/index.php\/wp-json\/wp\/v2\/types\/post"}],"author":[{"embeddable":true,"href":"https:\/\/serclus.info\/serclus\/index.php\/wp-json\/wp\/v2\/users\/13"}],"replies":[{"embeddable":true,"href":"https:\/\/serclus.info\/serclus\/index.php\/wp-json\/wp\/v2\/comments?post=104"}],"version-history":[{"count":2,"href":"https:\/\/serclus.info\/serclus\/index.php\/wp-json\/wp\/v2\/posts\/104\/revisions"}],"predecessor-version":[{"id":125,"href":"https:\/\/serclus.info\/serclus\/index.php\/wp-json\/wp\/v2\/posts\/104\/revisions\/125"}],"wp:featuredmedia":[{"embeddable":true,"href":"https:\/\/serclus.info\/serclus\/index.php\/wp-json\/wp\/v2\/media\/58"}],"wp:attachment":[{"href":"https:\/\/serclus.info\/serclus\/index.php\/wp-json\/wp\/v2\/media?parent=104"}],"wp:term":[{"taxonomy":"category","embeddable":true,"href":"https:\/\/serclus.info\/serclus\/index.php\/wp-json\/wp\/v2\/categories?post=104"},{"taxonomy":"post_tag","embeddable":true,"href":"https:\/\/serclus.info\/serclus\/index.php\/wp-json\/wp\/v2\/tags?post=104"}],"curies":[{"name":"wp","href":"https:\/\/api.w.org\/{rel}","templated":true}]}}